{"id":1155,"date":"2026-03-14T11:34:01","date_gmt":"2026-03-14T10:34:01","guid":{"rendered":"https:\/\/royale-confrerie-maitrank.be\/?p=1155"},"modified":"2026-03-14T11:34:01","modified_gmt":"2026-03-14T10:34:01","slug":"assemblee-generale-2026-de-la-royale-confrerie-du-maitrank-darlon","status":"publish","type":"post","link":"https:\/\/royale-confrerie-maitrank.be\/index.php\/2026\/03\/14\/assemblee-generale-2026-de-la-royale-confrerie-du-maitrank-darlon\/","title":{"rendered":"Assembl\u00e9e G\u00e9n\u00e9rale 2026 de la Royale Confr\u00e9rie du Maitrank d&rsquo;Arlon"},"content":{"rendered":"\n<p>Vendredi 13 mars 2026<\/p>\n\n\n\n<p>Ce vendredi soir s&rsquo;est d\u00e9roul\u00e9e notre Assembl\u00e9e G\u00e9n\u00e9rale statutaire dans la salle de r\u00e9union de l&rsquo;h\u00f4tel Ibis d&rsquo;Arlon. Nous avons fait salle comble pour cette r\u00e9union plut\u00f4t protocolaire qui refl\u00e8te le dynamisme de notre association.<\/p>\n\n\n\n<figure class=\"wp-block-gallery has-nested-images columns-default is-cropped wp-block-gallery-1 is-layout-flex wp-block-gallery-is-layout-flex\">\n<figure class=\"wp-block-image size-large\"><img fetchpriority=\"high\" decoding=\"async\" width=\"1024\" height=\"768\" data-id=\"1156\" src=\"https:\/\/royale-confrerie-maitrank.be\/wp-content\/uploads\/2026\/03\/CA-1024x768.jpeg\" alt=\"\" class=\"wp-image-1156\" srcset=\"https:\/\/royale-confrerie-maitrank.be\/wp-content\/uploads\/2026\/03\/CA-1024x768.jpeg 1024w, https:\/\/royale-confrerie-maitrank.be\/wp-content\/uploads\/2026\/03\/CA-300x225.jpeg 300w, https:\/\/royale-confrerie-maitrank.be\/wp-content\/uploads\/2026\/03\/CA-768x576.jpeg 768w, https:\/\/royale-confrerie-maitrank.be\/wp-content\/uploads\/2026\/03\/CA-1536x1152.jpeg 1536w, https:\/\/royale-confrerie-maitrank.be\/wp-content\/uploads\/2026\/03\/CA.jpeg 1600w\" sizes=\"(max-width: 1024px) 100vw, 1024px\" \/><\/figure>\n\n\n\n<figure class=\"wp-block-image size-large\"><img decoding=\"async\" width=\"1024\" height=\"768\" data-id=\"1158\" src=\"https:\/\/royale-confrerie-maitrank.be\/wp-content\/uploads\/2026\/03\/Foule-1-1024x768.jpeg\" alt=\"\" class=\"wp-image-1158\" srcset=\"https:\/\/royale-confrerie-maitrank.be\/wp-content\/uploads\/2026\/03\/Foule-1-1024x768.jpeg 1024w, https:\/\/royale-confrerie-maitrank.be\/wp-content\/uploads\/2026\/03\/Foule-1-300x225.jpeg 300w, https:\/\/royale-confrerie-maitrank.be\/wp-content\/uploads\/2026\/03\/Foule-1-768x576.jpeg 768w, https:\/\/royale-confrerie-maitrank.be\/wp-content\/uploads\/2026\/03\/Foule-1-1536x1152.jpeg 1536w, https:\/\/royale-confrerie-maitrank.be\/wp-content\/uploads\/2026\/03\/Foule-1.jpeg 1600w\" sizes=\"(max-width: 1024px) 100vw, 1024px\" \/><\/figure>\n\n\n\n<figure class=\"wp-block-image size-large\"><img decoding=\"async\" width=\"1024\" height=\"768\" data-id=\"1157\" src=\"https:\/\/royale-confrerie-maitrank.be\/wp-content\/uploads\/2026\/03\/Foule-2-1024x768.jpeg\" alt=\"\" class=\"wp-image-1157\" srcset=\"https:\/\/royale-confrerie-maitrank.be\/wp-content\/uploads\/2026\/03\/Foule-2-1024x768.jpeg 1024w, https:\/\/royale-confrerie-maitrank.be\/wp-content\/uploads\/2026\/03\/Foule-2-300x225.jpeg 300w, https:\/\/royale-confrerie-maitrank.be\/wp-content\/uploads\/2026\/03\/Foule-2-768x576.jpeg 768w, https:\/\/royale-confrerie-maitrank.be\/wp-content\/uploads\/2026\/03\/Foule-2-1536x1152.jpeg 1536w, https:\/\/royale-confrerie-maitrank.be\/wp-content\/uploads\/2026\/03\/Foule-2.jpeg 1600w\" sizes=\"(max-width: 1024px) 100vw, 1024px\" \/><\/figure>\n<\/figure>\n\n\n\n<p>Voici l&rsquo;ordre du jour :<\/p>\n\n\n\n<ul class=\"wp-block-list\">\n<li>Approbation du PV de l\u2019Assembl\u00e9e G\u00e9n\u00e9rale de mars 2025<\/li>\n\n\n\n<li>Rapport et commentaires sur la situation financi\u00e8re.<\/li>\n\n\n\n<li>Rapport des v\u00e9rificateurs aux comptes et d\u00e9charge aux administrateurs.<\/li>\n\n\n\n<li>Elections statutaires : Les bulletins de vote seront remis \u00e0 l\u2019entr\u00e9e \u00e0 chaque membre en r\u00e8gle de cotisation. Il y a 8 administrateurs sortants et r\u00e9\u00e9ligibles en 2026 : Pierre BRUNSON \u2013 Michel CHAVAGNE \u2013 Robert GEIMER \u2013 Thomas GOFFINET \u2013 Raymond PETIT \u2013 Betty SCHRADER \u2013 Nadine VAN HUFFEL. Daniel ROUSSEL ne se repr\u00e9sente pas.<\/li>\n\n\n\n<li>Les membres seront invit\u00e9s par leur vote \u00e0 renouveler leur confiance aux administrateurs r\u00e9\u00e9ligibles et de choisir les \u00e9ventuels nouveaux candidats qui se seront propos\u00e9s.<\/li>\n\n\n\n<li>Rapport sur les activit\u00e9s 2025 et pr\u00e9sentation du programme 2026.<\/li>\n\n\n\n<li>Pr\u00e9visions budg\u00e9taires 2026.<\/li>\n\n\n\n<li>Remise de notre subvention aux responsables des associations humanitaires choisies.<\/li>\n\n\n\n<li>R\u00e9sultat des votes et cl\u00f4ture de l\u2019Assembl\u00e9e G\u00e9n\u00e9rale.<\/li>\n<\/ul>\n\n\n\n<p>Notre confr\u00e8re Thomas Goffinet a \u00e9t\u00e9 nomm\u00e9 \u00ab\u00a0Ambassadeur 2025\u00a0\u00bb pour ses nombreuses repr\u00e9sentations dans les confr\u00e9ries amies.<\/p>\n\n\n\n<figure class=\"wp-block-gallery has-nested-images columns-default is-cropped wp-block-gallery-2 is-layout-flex wp-block-gallery-is-layout-flex\">\n<figure class=\"wp-block-image size-large\"><img loading=\"lazy\" decoding=\"async\" width=\"930\" height=\"1024\" data-id=\"1160\" src=\"https:\/\/royale-confrerie-maitrank.be\/wp-content\/uploads\/2026\/03\/Sorteur-2-930x1024.jpeg\" alt=\"\" class=\"wp-image-1160\" srcset=\"https:\/\/royale-confrerie-maitrank.be\/wp-content\/uploads\/2026\/03\/Sorteur-2-930x1024.jpeg 930w, https:\/\/royale-confrerie-maitrank.be\/wp-content\/uploads\/2026\/03\/Sorteur-2-272x300.jpeg 272w, https:\/\/royale-confrerie-maitrank.be\/wp-content\/uploads\/2026\/03\/Sorteur-2-768x846.jpeg 768w, https:\/\/royale-confrerie-maitrank.be\/wp-content\/uploads\/2026\/03\/Sorteur-2.jpeg 1291w\" sizes=\"(max-width: 930px) 100vw, 930px\" \/><figcaption class=\"wp-element-caption\">Le plus grand \u00ab\u00a0sorteur\u00a0\u00bb de la confr\u00e9rie \ud83d\ude42<\/figcaption><\/figure>\n<\/figure>\n\n\n\n<p>Il nous a ensuite \u00e9t\u00e9 annonc\u00e9 le nom des futurs membres qui seront intronis\u00e9s lors du chapitre 2026, les promus au titre d&rsquo;Echanson ainsi que les futurs porteurs de robe.  Il y a eu 4 postulants \u00e0 un poste d&rsquo;administrateur qui se sont pr\u00e9sent\u00e9s et nous avons proc\u00e9d\u00e9 au vote ainsi qu&rsquo;au d\u00e9pouillement. Voici les nom des 8 administrateurs \u00e9lus :<\/p>\n\n\n\n<p>Pierre BRUNSON \u2013 Michel CHAVAGNE \u2013 Robert GEIMER \u2013 Thomas GOFFINET \u2013 Raymond<br>PETIT \u2013 Betty SCHRADER \u2013 Nadine VAN HUFFEL &#8211; Christophe D&rsquo;HAESE<\/p>\n\n\n\n<figure class=\"wp-block-gallery has-nested-images columns-default is-cropped wp-block-gallery-3 is-layout-flex wp-block-gallery-is-layout-flex\">\n<figure class=\"wp-block-image size-large\"><img loading=\"lazy\" decoding=\"async\" width=\"1024\" height=\"917\" data-id=\"1162\" src=\"https:\/\/royale-confrerie-maitrank.be\/wp-content\/uploads\/2026\/03\/Robes-2-1024x917.jpeg\" alt=\"\" class=\"wp-image-1162\" srcset=\"https:\/\/royale-confrerie-maitrank.be\/wp-content\/uploads\/2026\/03\/Robes-2-1024x917.jpeg 1024w, https:\/\/royale-confrerie-maitrank.be\/wp-content\/uploads\/2026\/03\/Robes-2-300x269.jpeg 300w, https:\/\/royale-confrerie-maitrank.be\/wp-content\/uploads\/2026\/03\/Robes-2-768x688.jpeg 768w, https:\/\/royale-confrerie-maitrank.be\/wp-content\/uploads\/2026\/03\/Robes-2.jpeg 1500w\" sizes=\"(max-width: 1024px) 100vw, 1024px\" \/><figcaption class=\"wp-element-caption\">Nos futus porteurs de robe<\/figcaption><\/figure>\n<\/figure>\n\n\n\n<figure class=\"wp-block-gallery has-nested-images columns-default is-cropped wp-block-gallery-4 is-layout-flex wp-block-gallery-is-layout-flex\">\n<figure class=\"wp-block-image size-large\"><img loading=\"lazy\" decoding=\"async\" width=\"1024\" height=\"709\" data-id=\"1163\" src=\"https:\/\/royale-confrerie-maitrank.be\/wp-content\/uploads\/2026\/03\/Candidats-1-1024x709.jpeg\" alt=\"\" class=\"wp-image-1163\" srcset=\"https:\/\/royale-confrerie-maitrank.be\/wp-content\/uploads\/2026\/03\/Candidats-1-1024x709.jpeg 1024w, https:\/\/royale-confrerie-maitrank.be\/wp-content\/uploads\/2026\/03\/Candidats-1-300x208.jpeg 300w, https:\/\/royale-confrerie-maitrank.be\/wp-content\/uploads\/2026\/03\/Candidats-1-768x532.jpeg 768w, https:\/\/royale-confrerie-maitrank.be\/wp-content\/uploads\/2026\/03\/Candidats-1-1536x1064.jpeg 1536w, https:\/\/royale-confrerie-maitrank.be\/wp-content\/uploads\/2026\/03\/Candidats-1.jpeg 1600w\" sizes=\"(max-width: 1024px) 100vw, 1024px\" \/><figcaption class=\"wp-element-caption\">Les 4 candidats au poste d&rsquo;administrateur<\/figcaption><\/figure>\n<\/figure>\n\n\n\n<p>Il a ensuite \u00e9t\u00e9 remis plusieurs ch\u00e8ques aux associations que nous soutenons. Cette ann\u00e9e nous avons remis 7 ch\u00e8ques pour la somme de 11.500\u20ac aux associations suivantes :<\/p>\n\n\n\n<ul class=\"wp-block-list\">\n<li>La Saint Vincent de Paul, Arlon<\/li>\n\n\n\n<li>L&rsquo;Abri de Nuit, Arlon<\/li>\n\n\n\n<li>IMP La Providence, Etalle<\/li>\n\n\n\n<li>Point D&rsquo;eau, Grumelange<\/li>\n\n\n\n<li>Pr\u00e9 en Bulle, Arlon<\/li>\n\n\n\n<li>Le Domaine du Renard, Bastogne<\/li>\n\n\n\n<li>Lumi\u00e8re pour le Monde<\/li>\n<\/ul>\n\n\n\n<figure class=\"wp-block-gallery has-nested-images columns-default is-cropped wp-block-gallery-5 is-layout-flex wp-block-gallery-is-layout-flex\">\n<figure class=\"wp-block-image size-large\"><img loading=\"lazy\" decoding=\"async\" width=\"840\" height=\"1024\" data-id=\"1166\" src=\"https:\/\/royale-confrerie-maitrank.be\/wp-content\/uploads\/2026\/03\/WhatsApp-Image-2026-03-14-at-10.44.02-840x1024.jpeg\" alt=\"\" class=\"wp-image-1166\" srcset=\"https:\/\/royale-confrerie-maitrank.be\/wp-content\/uploads\/2026\/03\/WhatsApp-Image-2026-03-14-at-10.44.02-840x1024.jpeg 840w, https:\/\/royale-confrerie-maitrank.be\/wp-content\/uploads\/2026\/03\/WhatsApp-Image-2026-03-14-at-10.44.02-246x300.jpeg 246w, https:\/\/royale-confrerie-maitrank.be\/wp-content\/uploads\/2026\/03\/WhatsApp-Image-2026-03-14-at-10.44.02-768x936.jpeg 768w, https:\/\/royale-confrerie-maitrank.be\/wp-content\/uploads\/2026\/03\/WhatsApp-Image-2026-03-14-at-10.44.02.jpeg 1100w\" sizes=\"(max-width: 840px) 100vw, 840px\" \/><\/figure>\n\n\n\n<figure class=\"wp-block-image size-large\"><img loading=\"lazy\" decoding=\"async\" width=\"958\" height=\"1024\" data-id=\"1171\" src=\"https:\/\/royale-confrerie-maitrank.be\/wp-content\/uploads\/2026\/03\/WhatsApp-Image-2026-03-14-at-10.44.03-1-958x1024.jpeg\" alt=\"\" class=\"wp-image-1171\" srcset=\"https:\/\/royale-confrerie-maitrank.be\/wp-content\/uploads\/2026\/03\/WhatsApp-Image-2026-03-14-at-10.44.03-1-958x1024.jpeg 958w, https:\/\/royale-confrerie-maitrank.be\/wp-content\/uploads\/2026\/03\/WhatsApp-Image-2026-03-14-at-10.44.03-1-281x300.jpeg 281w, https:\/\/royale-confrerie-maitrank.be\/wp-content\/uploads\/2026\/03\/WhatsApp-Image-2026-03-14-at-10.44.03-1-768x821.jpeg 768w, https:\/\/royale-confrerie-maitrank.be\/wp-content\/uploads\/2026\/03\/WhatsApp-Image-2026-03-14-at-10.44.03-1-1437x1536.jpeg 1437w, https:\/\/royale-confrerie-maitrank.be\/wp-content\/uploads\/2026\/03\/WhatsApp-Image-2026-03-14-at-10.44.03-1.jpeg 1497w\" sizes=\"(max-width: 958px) 100vw, 958px\" \/><\/figure>\n\n\n\n<figure class=\"wp-block-image size-large\"><img loading=\"lazy\" decoding=\"async\" width=\"1024\" height=\"630\" data-id=\"1167\" src=\"https:\/\/royale-confrerie-maitrank.be\/wp-content\/uploads\/2026\/03\/WhatsApp-Image-2026-03-14-at-10.44.04-1024x630.jpeg\" alt=\"\" class=\"wp-image-1167\" srcset=\"https:\/\/royale-confrerie-maitrank.be\/wp-content\/uploads\/2026\/03\/WhatsApp-Image-2026-03-14-at-10.44.04-1024x630.jpeg 1024w, https:\/\/royale-confrerie-maitrank.be\/wp-content\/uploads\/2026\/03\/WhatsApp-Image-2026-03-14-at-10.44.04-300x185.jpeg 300w, https:\/\/royale-confrerie-maitrank.be\/wp-content\/uploads\/2026\/03\/WhatsApp-Image-2026-03-14-at-10.44.04-768x472.jpeg 768w, https:\/\/royale-confrerie-maitrank.be\/wp-content\/uploads\/2026\/03\/WhatsApp-Image-2026-03-14-at-10.44.04-1536x945.jpeg 1536w, https:\/\/royale-confrerie-maitrank.be\/wp-content\/uploads\/2026\/03\/WhatsApp-Image-2026-03-14-at-10.44.04.jpeg 1600w\" sizes=\"(max-width: 1024px) 100vw, 1024px\" \/><\/figure>\n\n\n\n<figure class=\"wp-block-image size-large\"><img loading=\"lazy\" decoding=\"async\" width=\"944\" height=\"1024\" data-id=\"1165\" src=\"https:\/\/royale-confrerie-maitrank.be\/wp-content\/uploads\/2026\/03\/WhatsApp-Image-2026-03-14-at-10.44.05-944x1024.jpeg\" alt=\"\" class=\"wp-image-1165\" srcset=\"https:\/\/royale-confrerie-maitrank.be\/wp-content\/uploads\/2026\/03\/WhatsApp-Image-2026-03-14-at-10.44.05-944x1024.jpeg 944w, https:\/\/royale-confrerie-maitrank.be\/wp-content\/uploads\/2026\/03\/WhatsApp-Image-2026-03-14-at-10.44.05-277x300.jpeg 277w, https:\/\/royale-confrerie-maitrank.be\/wp-content\/uploads\/2026\/03\/WhatsApp-Image-2026-03-14-at-10.44.05-768x833.jpeg 768w, https:\/\/royale-confrerie-maitrank.be\/wp-content\/uploads\/2026\/03\/WhatsApp-Image-2026-03-14-at-10.44.05.jpeg 1272w\" sizes=\"(max-width: 944px) 100vw, 944px\" \/><\/figure>\n\n\n\n<figure class=\"wp-block-image size-large\"><img loading=\"lazy\" decoding=\"async\" width=\"869\" height=\"1024\" data-id=\"1164\" src=\"https:\/\/royale-confrerie-maitrank.be\/wp-content\/uploads\/2026\/03\/WhatsApp-Image-2026-03-14-at-10.44.06-869x1024.jpeg\" alt=\"\" class=\"wp-image-1164\" srcset=\"https:\/\/royale-confrerie-maitrank.be\/wp-content\/uploads\/2026\/03\/WhatsApp-Image-2026-03-14-at-10.44.06-869x1024.jpeg 869w, https:\/\/royale-confrerie-maitrank.be\/wp-content\/uploads\/2026\/03\/WhatsApp-Image-2026-03-14-at-10.44.06-255x300.jpeg 255w, https:\/\/royale-confrerie-maitrank.be\/wp-content\/uploads\/2026\/03\/WhatsApp-Image-2026-03-14-at-10.44.06-768x905.jpeg 768w, https:\/\/royale-confrerie-maitrank.be\/wp-content\/uploads\/2026\/03\/WhatsApp-Image-2026-03-14-at-10.44.06.jpeg 1266w\" sizes=\"(max-width: 869px) 100vw, 869px\" \/><\/figure>\n\n\n\n<figure class=\"wp-block-image size-large\"><img loading=\"lazy\" decoding=\"async\" width=\"764\" height=\"1024\" data-id=\"1170\" src=\"https:\/\/royale-confrerie-maitrank.be\/wp-content\/uploads\/2026\/03\/WhatsApp-Image-2026-03-14-at-10.44.07-764x1024.jpeg\" alt=\"\" class=\"wp-image-1170\" srcset=\"https:\/\/royale-confrerie-maitrank.be\/wp-content\/uploads\/2026\/03\/WhatsApp-Image-2026-03-14-at-10.44.07-764x1024.jpeg 764w, https:\/\/royale-confrerie-maitrank.be\/wp-content\/uploads\/2026\/03\/WhatsApp-Image-2026-03-14-at-10.44.07-224x300.jpeg 224w, https:\/\/royale-confrerie-maitrank.be\/wp-content\/uploads\/2026\/03\/WhatsApp-Image-2026-03-14-at-10.44.07-768x1029.jpeg 768w, https:\/\/royale-confrerie-maitrank.be\/wp-content\/uploads\/2026\/03\/WhatsApp-Image-2026-03-14-at-10.44.07.jpeg 1110w\" sizes=\"(max-width: 764px) 100vw, 764px\" \/><\/figure>\n<\/figure>\n\n\n\n<figure class=\"wp-block-image size-large\"><img loading=\"lazy\" decoding=\"async\" width=\"1024\" height=\"513\" src=\"https:\/\/royale-confrerie-maitrank.be\/wp-content\/uploads\/2026\/03\/Dons-1-1024x513.jpeg\" alt=\"\" class=\"wp-image-1172\" srcset=\"https:\/\/royale-confrerie-maitrank.be\/wp-content\/uploads\/2026\/03\/Dons-1-1024x513.jpeg 1024w, https:\/\/royale-confrerie-maitrank.be\/wp-content\/uploads\/2026\/03\/Dons-1-300x150.jpeg 300w, https:\/\/royale-confrerie-maitrank.be\/wp-content\/uploads\/2026\/03\/Dons-1-768x384.jpeg 768w, https:\/\/royale-confrerie-maitrank.be\/wp-content\/uploads\/2026\/03\/Dons-1-1536x769.jpeg 1536w, https:\/\/royale-confrerie-maitrank.be\/wp-content\/uploads\/2026\/03\/Dons-1.jpeg 1600w\" sizes=\"(max-width: 1024px) 100vw, 1024px\" \/><\/figure>\n\n\n\n<p>La r\u00e9union s&rsquo;est enfin termin\u00e9e par un \u00ab\u00a0Chant des Luxembourgeois\u00a0\u00bb et un verre de l&rsquo;amiti\u00e9. Verre de Maitrank bien entendu et de d\u00e9licieux plateaux garnis pr\u00e9par\u00e9s par les \u00e9tudiants en cuisine de l&rsquo;ITELA.<\/p>\n\n\n\n<figure class=\"wp-block-video\"><video height=\"480\" style=\"aspect-ratio: 848 \/ 480;\" width=\"848\" controls src=\"https:\/\/royale-confrerie-maitrank.be\/wp-content\/uploads\/2026\/03\/Chant-des-Luxembourgeois.mp4\"><\/video><\/figure>\n","protected":false},"excerpt":{"rendered":"<p>Vendredi 13 mars 2026 Ce vendredi soir s&rsquo;est d\u00e9roul\u00e9e notre Assembl\u00e9e G\u00e9n\u00e9rale statutaire dans la salle de r\u00e9union de l&rsquo;h\u00f4tel Ibis d&rsquo;Arlon. Nous avons fait salle comble pour cette r\u00e9union plut\u00f4t protocolaire qui refl\u00e8te le dynamisme de notre association. Voici l&rsquo;ordre du jour : Notre confr\u00e8re Thomas Goffinet a \u00e9t\u00e9 nomm\u00e9 \u00ab\u00a0Ambassadeur 2025\u00a0\u00bb pour ses [&hellip;]<\/p>\n","protected":false},"author":1,"featured_media":0,"comment_status":"open","ping_status":"open","sticky":false,"template":"","format":"standard","meta":{"_acf_changed":false,"footnotes":""},"categories":[20],"tags":[],"class_list":["post-1155","post","type-post","status-publish","format-standard","hentry","category-assemblee-generale"],"acf":[],"_links":{"self":[{"href":"https:\/\/royale-confrerie-maitrank.be\/index.php\/wp-json\/wp\/v2\/posts\/1155","targetHints":{"allow":["GET"]}}],"collection":[{"href":"https:\/\/royale-confrerie-maitrank.be\/index.php\/wp-json\/wp\/v2\/posts"}],"about":[{"href":"https:\/\/royale-confrerie-maitrank.be\/index.php\/wp-json\/wp\/v2\/types\/post"}],"author":[{"embeddable":true,"href":"https:\/\/royale-confrerie-maitrank.be\/index.php\/wp-json\/wp\/v2\/users\/1"}],"replies":[{"embeddable":true,"href":"https:\/\/royale-confrerie-maitrank.be\/index.php\/wp-json\/wp\/v2\/comments?post=1155"}],"version-history":[{"count":1,"href":"https:\/\/royale-confrerie-maitrank.be\/index.php\/wp-json\/wp\/v2\/posts\/1155\/revisions"}],"predecessor-version":[{"id":1174,"href":"https:\/\/royale-confrerie-maitrank.be\/index.php\/wp-json\/wp\/v2\/posts\/1155\/revisions\/1174"}],"wp:attachment":[{"href":"https:\/\/royale-confrerie-maitrank.be\/index.php\/wp-json\/wp\/v2\/media?parent=1155"}],"wp:term":[{"taxonomy":"category","embeddable":true,"href":"https:\/\/royale-confrerie-maitrank.be\/index.php\/wp-json\/wp\/v2\/categories?post=1155"},{"taxonomy":"post_tag","embeddable":true,"href":"https:\/\/royale-confrerie-maitrank.be\/index.php\/wp-json\/wp\/v2\/tags?post=1155"}],"curies":[{"name":"wp","href":"https:\/\/api.w.org\/{rel}","templated":true}]}}