{"id":600,"date":"2019-04-01T14:58:00","date_gmt":"2019-04-01T12:58:00","guid":{"rendered":"http:\/\/lyulewc.cluster100.hosting.ovh.net\/?p=600"},"modified":"2025-03-10T15:01:23","modified_gmt":"2025-03-10T14:01:23","slug":"lassemblee-generale-2019","status":"publish","type":"post","link":"https:\/\/royale-confrerie-maitrank.be\/index.php\/2019\/04\/01\/lassemblee-generale-2019\/","title":{"rendered":"L\u2019Assembl\u00e9e G\u00e9n\u00e9rale 2019"},"content":{"rendered":"\n<p>La Royale Confr\u00e9rie du Maitrank d\u2019Arlon \u00e9tant une ASBL, elle est soumise au respect de la l\u00e9gislation en cette mati\u00e8re et tient par cons\u00e9quent tous les ans une assembl\u00e9e g\u00e9n\u00e9rale de ses membres.<\/p>\n\n\n\n<p>D\u2019apr\u00e8s les statuts, cette assembl\u00e9e doit se tenir avant le 31 mars. L\u2019ordre du jour comprend l\u00e9galement le rapport du secr\u00e9taire sur l\u2019assembl\u00e9e de l\u2019ann\u00e9e pr\u00e9c\u00e9dente, le rapport du tr\u00e9sorier avec la situation financi\u00e8re au 31 d\u00e9cembre de l\u2019ann\u00e9e pr\u00e9c\u00e9dente et le rapport des v\u00e9rificateurs aux comptes, la description des activit\u00e9s de l\u2019ann\u00e9e \u00e9coul\u00e9e et les pr\u00e9visions pour l\u2019ann\u00e9e en cours. C\u2019est l\u2019assembl\u00e9e g\u00e9n\u00e9rale des membres qui d\u00e9signe, par vote secret, le conseil d\u2019administration (le Grand Conseil) de la Confr\u00e9rie. S\u2019il n\u2019y a pas de d\u00e9mission, ce vote se fait tous les deux ans (cfr. statuts).<\/p>\n\n\n\n<p>Cette s\u00e9ance officielle est suivie d\u2019un ap\u00e9ritif (Maitrank oblige, \u00e9videmment) et d\u2019un banquet pour bien terminer la soir\u00e9e en toute convivialit\u00e9 et amiti\u00e9.<\/p>\n\n\n\n<p><strong>Article paru dans le journal L\u2019Avenir du 14 mars 2018<\/strong><\/p>\n\n\n\n<p><strong>Hommage \u00e0 deux piliers de la royale<\/strong><br><strong>confr\u00e9rie \u2013 13\/03\/2018<\/strong><\/p>\n\n\n\n<p>Beaucoup d\u2019Arlonais ce vendredi soir lors de l\u2019assembl\u00e9e g\u00e9n\u00e9rale annuelle de la Royale Confr\u00e9rie du Maitrank.<br>Apr\u00e8s la pr\u00e9sentation des activit\u00e9s et du bilan financier de l\u2019association, le grand bailli Francis Dubois a adress\u00e9 ses remerciements \u00e0 deux confr\u00e8res qui se sont donn\u00e9s sans compter pour<br>la confr\u00e9rie et qui souhaitaient \u00e0 pr\u00e9sent quitter le conseil d\u2019administration pour des raisons personnelles ou de sant\u00e9. Il s\u2019agit de Robert Pair et d\u2019Edmond Warichet.<br>Francis Dubois a conclu: \u00abJe ne puis qu\u2019englober Robert et Edmond dans le m\u00eame hommage. Ardents d\u00e9fenseurs des valeurs de la confr\u00e9rie, ils ont toujours \u0153uvr\u00e9 avec enthousiasme et efficacit\u00e9 pour en assurer le bon renom ainsi que celui de la Ville d\u2019Arlon. Empreints d\u2019humanit\u00e9, de fraternit\u00e9 et de convivialit\u00e9, ils consid\u00e8rent la confr\u00e9rie comme une deuxi\u00e8me famille. Ils resteront tous deux actifs en fonction de leur capacit\u00e9 et de leur disponibilit\u00e9.\u00bb<\/p>\n\n\n\n<p><strong>Douze intronis\u00e9s entreront en confr\u00e9rie<\/strong><br>Pour respecter la tradition, chaque ann\u00e9e l\u2019annonce des futurs cons\u0153urs et confr\u00e8res est donn\u00e9e en primeur lors de cette assembl\u00e9e. Francis Dubois pr\u00e9cise: \u00abBeaucoup de candidats ont \u00e9t\u00e9 pr\u00e9sent\u00e9s et nous nous limitons \u00e0 12 intronis\u00e9s, \u00e9lus d\u00e9mocratiquement. Comme chaque ann\u00e9e, il y aura donc des membres qui seront d\u00e9\u00e7us de ne pas voir leur candidat \u00e9lu.\u00bb<br>A accept\u00e9 d\u2019\u00eatre intronis\u00e9 \u00e9chanson d\u2019honneur:<br>Thomas Antoine, ambassadeur honoraire de Belgique au Grand-Duch\u00e9 de Luxembourg, actuellement secr\u00e9taire g\u00e9n\u00e9ral du Benelux.<br>Seront intronis\u00e9s compagnons:<\/p>\n\n\n\n<p>Christian Bavay, fonctionnaire retrait\u00e9 de la SNCB, membre actif de la troupe th\u00e9\u00e2trale Just des Rigolo\u2019s \u00e0 Toernich;<\/p>\n\n\n\n<p>Dominique Billion,employ\u00e9 de banque et \u00e9crivain;<\/p>\n\n\n\n<p>Laurent Clinquart, commer\u00e7ant;<\/p>\n\n\n\n<p>Michel Colling, directeur de l\u2019institut Sainte-Marie d\u2019Arlon;<br>Thomas Goffinet, kin\u00e9siste;<\/p>\n\n\n\n<p>Guy Klinkenberg, membre de Indian Head, fondateur et conservateur du Mus\u00e9e de l\u2019Arm\u00e9e du Camp Bastin;<\/p>\n\n\n\n<p>Paul Neyens, pr\u00e9sident Cap 41, Arlon la romaine et vice-pr\u00e9sident provincialde la Croix-Rouge;<\/p>\n\n\n\n<p>Yvan Prieur, membre de diverses associations arlonaises;<\/p>\n\n\n\n<p>Luc Quyrinen, directeur de l\u2019Institut CardynLorraine Arlon;<\/p>\n\n\n\n<p>Alain Schumers, directeur de la soci\u00e9t\u00e9 Pompes Fun\u00e8bres Bentz et<\/p>\n\n\n\n<p>Yves Scieur, juge honoraire et organisateur de Tontegrange Maitrank.<br>Jean-Claude FONCK (L\u2019Avenir)<\/p>\n","protected":false},"excerpt":{"rendered":"<p>La Royale Confr\u00e9rie du Maitrank d\u2019Arlon \u00e9tant une ASBL, elle est soumise au respect de la l\u00e9gislation en cette mati\u00e8re et tient par cons\u00e9quent tous les ans une assembl\u00e9e g\u00e9n\u00e9rale de ses membres. D\u2019apr\u00e8s les statuts, cette assembl\u00e9e doit se tenir avant le 31 mars. L\u2019ordre du jour comprend l\u00e9galement le rapport du secr\u00e9taire sur [&hellip;]<\/p>\n","protected":false},"author":1,"featured_media":601,"comment_status":"open","ping_status":"open","sticky":false,"template":"","format":"standard","meta":{"_acf_changed":false,"footnotes":""},"categories":[20,18],"tags":[],"class_list":["post-600","post","type-post","status-publish","format-standard","has-post-thumbnail","hentry","category-assemblee-generale","category-programme"],"acf":[],"_links":{"self":[{"href":"https:\/\/royale-confrerie-maitrank.be\/index.php\/wp-json\/wp\/v2\/posts\/600","targetHints":{"allow":["GET"]}}],"collection":[{"href":"https:\/\/royale-confrerie-maitrank.be\/index.php\/wp-json\/wp\/v2\/posts"}],"about":[{"href":"https:\/\/royale-confrerie-maitrank.be\/index.php\/wp-json\/wp\/v2\/types\/post"}],"author":[{"embeddable":true,"href":"https:\/\/royale-confrerie-maitrank.be\/index.php\/wp-json\/wp\/v2\/users\/1"}],"replies":[{"embeddable":true,"href":"https:\/\/royale-confrerie-maitrank.be\/index.php\/wp-json\/wp\/v2\/comments?post=600"}],"version-history":[{"count":1,"href":"https:\/\/royale-confrerie-maitrank.be\/index.php\/wp-json\/wp\/v2\/posts\/600\/revisions"}],"predecessor-version":[{"id":602,"href":"https:\/\/royale-confrerie-maitrank.be\/index.php\/wp-json\/wp\/v2\/posts\/600\/revisions\/602"}],"wp:featuredmedia":[{"embeddable":true,"href":"https:\/\/royale-confrerie-maitrank.be\/index.php\/wp-json\/wp\/v2\/media\/601"}],"wp:attachment":[{"href":"https:\/\/royale-confrerie-maitrank.be\/index.php\/wp-json\/wp\/v2\/media?parent=600"}],"wp:term":[{"taxonomy":"category","embeddable":true,"href":"https:\/\/royale-confrerie-maitrank.be\/index.php\/wp-json\/wp\/v2\/categories?post=600"},{"taxonomy":"post_tag","embeddable":true,"href":"https:\/\/royale-confrerie-maitrank.be\/index.php\/wp-json\/wp\/v2\/tags?post=600"}],"curies":[{"name":"wp","href":"https:\/\/api.w.org\/{rel}","templated":true}]}}